{"id":3280,"date":"2025-07-01T18:38:33","date_gmt":"2025-07-01T16:38:33","guid":{"rendered":"https:\/\/anrparis-75.fr\/?p=3280"},"modified":"2026-02-12T22:06:33","modified_gmt":"2026-02-12T21:06:33","slug":"visite-medicale-obligatoire-pour-conserver-le-permis-de-conduire","status":"publish","type":"post","link":"https:\/\/anrparis-75.fr\/index.php\/2025\/07\/01\/visite-medicale-obligatoire-pour-conserver-le-permis-de-conduire\/","title":{"rendered":"Visite m\u00e9dicale obligatoire pour conserver le permis de conduire"},"content":{"rendered":"\n<p>Une nouvelle fois, les retrait\u00e9s sont injustement stigmatis\u00e9s. Une proposition de loi d\u00e9pos\u00e9e \u00e0 l\u2019Assembl\u00e9e nationale (n\u00b01147) entend imposer \u00e0 toutes les personnes \u00e2g\u00e9es de 70 ans et plus une visite m\u00e9dicale obligatoire tous les cinq ans pour conserver leur permis de conduire.<br>Nous disons non.<br>C\u2019est injuste, disproportionn\u00e9 et profond\u00e9ment discriminatoire.<\/p>\n\n\n\n<p>Pour voir l&rsquo;int\u00e9gralit\u00e9 du pdf <a href=\"https:\/\/anrparis-75.fr\/wp-content\/uploads\/2025\/07\/Lettre-ouverte-Permis-de-conduire-Se_niors.pdf\" target=\"_blank\" rel=\"noreferrer noopener\">CLIQUEZ ICI<\/a><\/p>\n","protected":false},"excerpt":{"rendered":"<p>Une nouvelle fois, les retrait\u00e9s sont injustement stigmatis\u00e9s. Une proposition de loi d\u00e9pos\u00e9e \u00e0 l\u2019Assembl\u00e9e nationale (n\u00b01147) entend imposer \u00e0 toutes les personnes \u00e2g\u00e9es de 70 ans et plus une visite m\u00e9dicale obligatoire tous les cinq ans pour conserver leur permis de conduire.Nous disons non.C\u2019est injuste, disproportionn\u00e9 et profond\u00e9ment discriminatoire. [&hellip;]<\/p>\n","protected":false},"author":5,"featured_media":3279,"comment_status":"closed","ping_status":"closed","sticky":false,"template":"","format":"standard","meta":{"footnotes":""},"categories":[4],"tags":[],"class_list":["post-3280","post","type-post","status-publish","format-standard","has-post-thumbnail","hentry","category-infos-anr"],"yoast_head":"<!-- This site is optimized with the Yoast SEO plugin v27.4 - https:\/\/yoast.com\/product\/yoast-seo-wordpress\/ -->\n<title>Visite m\u00e9dicale obligatoire pour conserver le permis de conduire - Association Nationale de Retrait\u00e9s Groupe Paris<\/title>\n<meta name=\"robots\" content=\"index, follow, max-snippet:-1, max-image-preview:large, max-video-preview:-1\" \/>\n<link rel=\"canonical\" href=\"https:\/\/anrparis-75.fr\/index.php\/2025\/07\/01\/visite-medicale-obligatoire-pour-conserver-le-permis-de-conduire\/\" \/>\n<meta property=\"og:locale\" content=\"fr_FR\" \/>\n<meta property=\"og:type\" content=\"article\" \/>\n<meta property=\"og:title\" content=\"Visite m\u00e9dicale obligatoire pour conserver le permis de conduire - Association Nationale de Retrait\u00e9s Groupe Paris\" \/>\n<meta property=\"og:description\" content=\"Une nouvelle fois, les retrait\u00e9s sont injustement stigmatis\u00e9s. Une proposition de loi d\u00e9pos\u00e9e \u00e0 l\u2019Assembl\u00e9e nationale (n\u00b01147) entend imposer \u00e0 toutes les personnes \u00e2g\u00e9es de 70 ans et plus une visite m\u00e9dicale obligatoire tous les cinq ans pour conserver leur permis de conduire.Nous disons non.C\u2019est injuste, disproportionn\u00e9 et profond\u00e9ment discriminatoire. [&hellip;]\" \/>\n<meta property=\"og:url\" content=\"https:\/\/anrparis-75.fr\/index.php\/2025\/07\/01\/visite-medicale-obligatoire-pour-conserver-le-permis-de-conduire\/\" \/>\n<meta property=\"og:site_name\" content=\"Association Nationale de Retrait\u00e9s Groupe Paris\" \/>\n<meta property=\"article:published_time\" content=\"2025-07-01T16:38:33+00:00\" \/>\n<meta property=\"article:modified_time\" content=\"2026-02-12T21:06:33+00:00\" \/>\n<meta property=\"og:image\" content=\"https:\/\/anrparis-75.fr\/wp-content\/uploads\/2025\/07\/voyageur-senior-portant-des-lunettes-de-soleil-rouges-a-cote-de-sa-voiture-2-scaled.jpg\" \/>\n\t<meta property=\"og:image:width\" content=\"2560\" \/>\n\t<meta property=\"og:image:height\" content=\"1707\" \/>\n\t<meta property=\"og:image:type\" content=\"image\/jpeg\" \/>\n<meta name=\"author\" content=\"ANR Paris\" \/>\n<meta name=\"twitter:card\" content=\"summary_large_image\" \/>\n<meta name=\"twitter:label1\" content=\"\u00c9crit par\" \/>\n\t<meta name=\"twitter:data1\" content=\"ANR Paris\" \/>\n<script type=\"application\/ld+json\" class=\"yoast-schema-graph\">{\"@context\":\"https:\\\/\\\/schema.org\",\"@graph\":[{\"@type\":\"Article\",\"@id\":\"https:\\\/\\\/anrparis-75.fr\\\/index.php\\\/2025\\\/07\\\/01\\\/visite-medicale-obligatoire-pour-conserver-le-permis-de-conduire\\\/#article\",\"isPartOf\":{\"@id\":\"https:\\\/\\\/anrparis-75.fr\\\/index.php\\\/2025\\\/07\\\/01\\\/visite-medicale-obligatoire-pour-conserver-le-permis-de-conduire\\\/\"},\"author\":{\"name\":\"ANR Paris\",\"@id\":\"https:\\\/\\\/anrparis-75.fr\\\/#\\\/schema\\\/person\\\/3653a6cbecdd50aee54d1e9adb9bb730\"},\"headline\":\"Visite m\u00e9dicale obligatoire pour conserver le permis de conduire\",\"datePublished\":\"2025-07-01T16:38:33+00:00\",\"dateModified\":\"2026-02-12T21:06:33+00:00\",\"mainEntityOfPage\":{\"@id\":\"https:\\\/\\\/anrparis-75.fr\\\/index.php\\\/2025\\\/07\\\/01\\\/visite-medicale-obligatoire-pour-conserver-le-permis-de-conduire\\\/\"},\"wordCount\":78,\"publisher\":{\"@id\":\"https:\\\/\\\/anrparis-75.fr\\\/#organization\"},\"image\":{\"@id\":\"https:\\\/\\\/anrparis-75.fr\\\/index.php\\\/2025\\\/07\\\/01\\\/visite-medicale-obligatoire-pour-conserver-le-permis-de-conduire\\\/#primaryimage\"},\"thumbnailUrl\":\"https:\\\/\\\/anrparis-75.fr\\\/wp-content\\\/uploads\\\/2025\\\/07\\\/voyageur-senior-portant-des-lunettes-de-soleil-rouges-a-cote-de-sa-voiture-2-scaled.jpg\",\"articleSection\":[\"SERVICES PROPOSES\"],\"inLanguage\":\"fr-FR\"},{\"@type\":\"WebPage\",\"@id\":\"https:\\\/\\\/anrparis-75.fr\\\/index.php\\\/2025\\\/07\\\/01\\\/visite-medicale-obligatoire-pour-conserver-le-permis-de-conduire\\\/\",\"url\":\"https:\\\/\\\/anrparis-75.fr\\\/index.php\\\/2025\\\/07\\\/01\\\/visite-medicale-obligatoire-pour-conserver-le-permis-de-conduire\\\/\",\"name\":\"Visite m\u00e9dicale obligatoire pour conserver le permis de conduire - Association Nationale de Retrait\u00e9s Groupe Paris\",\"isPartOf\":{\"@id\":\"https:\\\/\\\/anrparis-75.fr\\\/#website\"},\"primaryImageOfPage\":{\"@id\":\"https:\\\/\\\/anrparis-75.fr\\\/index.php\\\/2025\\\/07\\\/01\\\/visite-medicale-obligatoire-pour-conserver-le-permis-de-conduire\\\/#primaryimage\"},\"image\":{\"@id\":\"https:\\\/\\\/anrparis-75.fr\\\/index.php\\\/2025\\\/07\\\/01\\\/visite-medicale-obligatoire-pour-conserver-le-permis-de-conduire\\\/#primaryimage\"},\"thumbnailUrl\":\"https:\\\/\\\/anrparis-75.fr\\\/wp-content\\\/uploads\\\/2025\\\/07\\\/voyageur-senior-portant-des-lunettes-de-soleil-rouges-a-cote-de-sa-voiture-2-scaled.jpg\",\"datePublished\":\"2025-07-01T16:38:33+00:00\",\"dateModified\":\"2026-02-12T21:06:33+00:00\",\"breadcrumb\":{\"@id\":\"https:\\\/\\\/anrparis-75.fr\\\/index.php\\\/2025\\\/07\\\/01\\\/visite-medicale-obligatoire-pour-conserver-le-permis-de-conduire\\\/#breadcrumb\"},\"inLanguage\":\"fr-FR\",\"potentialAction\":[{\"@type\":\"ReadAction\",\"target\":[\"https:\\\/\\\/anrparis-75.fr\\\/index.php\\\/2025\\\/07\\\/01\\\/visite-medicale-obligatoire-pour-conserver-le-permis-de-conduire\\\/\"]}]},{\"@type\":\"ImageObject\",\"inLanguage\":\"fr-FR\",\"@id\":\"https:\\\/\\\/anrparis-75.fr\\\/index.php\\\/2025\\\/07\\\/01\\\/visite-medicale-obligatoire-pour-conserver-le-permis-de-conduire\\\/#primaryimage\",\"url\":\"https:\\\/\\\/anrparis-75.fr\\\/wp-content\\\/uploads\\\/2025\\\/07\\\/voyageur-senior-portant-des-lunettes-de-soleil-rouges-a-cote-de-sa-voiture-2-scaled.jpg\",\"contentUrl\":\"https:\\\/\\\/anrparis-75.fr\\\/wp-content\\\/uploads\\\/2025\\\/07\\\/voyageur-senior-portant-des-lunettes-de-soleil-rouges-a-cote-de-sa-voiture-2-scaled.jpg\",\"width\":2560,\"height\":1707},{\"@type\":\"BreadcrumbList\",\"@id\":\"https:\\\/\\\/anrparis-75.fr\\\/index.php\\\/2025\\\/07\\\/01\\\/visite-medicale-obligatoire-pour-conserver-le-permis-de-conduire\\\/#breadcrumb\",\"itemListElement\":[{\"@type\":\"ListItem\",\"position\":1,\"name\":\"Accueil\",\"item\":\"https:\\\/\\\/anrparis-75.fr\\\/\"},{\"@type\":\"ListItem\",\"position\":2,\"name\":\"Visite m\u00e9dicale obligatoire pour conserver le permis de conduire\"}]},{\"@type\":\"WebSite\",\"@id\":\"https:\\\/\\\/anrparis-75.fr\\\/#website\",\"url\":\"https:\\\/\\\/anrparis-75.fr\\\/\",\"name\":\"Association Nationale de Retrait\u00e9s Groupe Paris\",\"description\":\"Retraite active\",\"publisher\":{\"@id\":\"https:\\\/\\\/anrparis-75.fr\\\/#organization\"},\"potentialAction\":[{\"@type\":\"SearchAction\",\"target\":{\"@type\":\"EntryPoint\",\"urlTemplate\":\"https:\\\/\\\/anrparis-75.fr\\\/?s={search_term_string}\"},\"query-input\":{\"@type\":\"PropertyValueSpecification\",\"valueRequired\":true,\"valueName\":\"search_term_string\"}}],\"inLanguage\":\"fr-FR\"},{\"@type\":\"Organization\",\"@id\":\"https:\\\/\\\/anrparis-75.fr\\\/#organization\",\"name\":\"Association Nationale de Retrait\u00e9s Groupe Paris 75\",\"url\":\"https:\\\/\\\/anrparis-75.fr\\\/\",\"logo\":{\"@type\":\"ImageObject\",\"inLanguage\":\"fr-FR\",\"@id\":\"https:\\\/\\\/anrparis-75.fr\\\/#\\\/schema\\\/logo\\\/image\\\/\",\"url\":\"https:\\\/\\\/anrparis-75.fr\\\/wp-content\\\/uploads\\\/2021\\\/05\\\/logo-sans-rien.png\",\"contentUrl\":\"https:\\\/\\\/anrparis-75.fr\\\/wp-content\\\/uploads\\\/2021\\\/05\\\/logo-sans-rien.png\",\"width\":170,\"height\":156,\"caption\":\"Association Nationale de Retrait\u00e9s Groupe Paris 75\"},\"image\":{\"@id\":\"https:\\\/\\\/anrparis-75.fr\\\/#\\\/schema\\\/logo\\\/image\\\/\"}},{\"@type\":\"Person\",\"@id\":\"https:\\\/\\\/anrparis-75.fr\\\/#\\\/schema\\\/person\\\/3653a6cbecdd50aee54d1e9adb9bb730\",\"name\":\"ANR Paris\",\"image\":{\"@type\":\"ImageObject\",\"inLanguage\":\"fr-FR\",\"@id\":\"https:\\\/\\\/secure.gravatar.com\\\/avatar\\\/31ae3bb1c19e56639ed45ea91c79d6bb5c59aae941274f6cbfd43495f06feed6?s=96&d=mm&r=g\",\"url\":\"https:\\\/\\\/secure.gravatar.com\\\/avatar\\\/31ae3bb1c19e56639ed45ea91c79d6bb5c59aae941274f6cbfd43495f06feed6?s=96&d=mm&r=g\",\"contentUrl\":\"https:\\\/\\\/secure.gravatar.com\\\/avatar\\\/31ae3bb1c19e56639ed45ea91c79d6bb5c59aae941274f6cbfd43495f06feed6?s=96&d=mm&r=g\",\"caption\":\"ANR Paris\"},\"sameAs\":[\"https:\\\/\\\/anrparis-75.fr\"],\"url\":\"https:\\\/\\\/anrparis-75.fr\\\/index.php\\\/author\\\/francoiseadm\\\/\"}]}<\/script>\n<!-- \/ Yoast SEO plugin. -->","yoast_head_json":{"title":"Visite m\u00e9dicale obligatoire pour conserver le permis de conduire - Association Nationale de Retrait\u00e9s Groupe Paris","robots":{"index":"index","follow":"follow","max-snippet":"max-snippet:-1","max-image-preview":"max-image-preview:large","max-video-preview":"max-video-preview:-1"},"canonical":"https:\/\/anrparis-75.fr\/index.php\/2025\/07\/01\/visite-medicale-obligatoire-pour-conserver-le-permis-de-conduire\/","og_locale":"fr_FR","og_type":"article","og_title":"Visite m\u00e9dicale obligatoire pour conserver le permis de conduire - Association Nationale de Retrait\u00e9s Groupe Paris","og_description":"Une nouvelle fois, les retrait\u00e9s sont injustement stigmatis\u00e9s. Une proposition de loi d\u00e9pos\u00e9e \u00e0 l\u2019Assembl\u00e9e nationale (n\u00b01147) entend imposer \u00e0 toutes les personnes \u00e2g\u00e9es de 70 ans et plus une visite m\u00e9dicale obligatoire tous les cinq ans pour conserver leur permis de conduire.Nous disons non.C\u2019est injuste, disproportionn\u00e9 et profond\u00e9ment discriminatoire. [&hellip;]","og_url":"https:\/\/anrparis-75.fr\/index.php\/2025\/07\/01\/visite-medicale-obligatoire-pour-conserver-le-permis-de-conduire\/","og_site_name":"Association Nationale de Retrait\u00e9s Groupe Paris","article_published_time":"2025-07-01T16:38:33+00:00","article_modified_time":"2026-02-12T21:06:33+00:00","og_image":[{"width":2560,"height":1707,"url":"https:\/\/anrparis-75.fr\/wp-content\/uploads\/2025\/07\/voyageur-senior-portant-des-lunettes-de-soleil-rouges-a-cote-de-sa-voiture-2-scaled.jpg","type":"image\/jpeg"}],"author":"ANR Paris","twitter_card":"summary_large_image","twitter_misc":{"\u00c9crit par":"ANR Paris"},"schema":{"@context":"https:\/\/schema.org","@graph":[{"@type":"Article","@id":"https:\/\/anrparis-75.fr\/index.php\/2025\/07\/01\/visite-medicale-obligatoire-pour-conserver-le-permis-de-conduire\/#article","isPartOf":{"@id":"https:\/\/anrparis-75.fr\/index.php\/2025\/07\/01\/visite-medicale-obligatoire-pour-conserver-le-permis-de-conduire\/"},"author":{"name":"ANR Paris","@id":"https:\/\/anrparis-75.fr\/#\/schema\/person\/3653a6cbecdd50aee54d1e9adb9bb730"},"headline":"Visite m\u00e9dicale obligatoire pour conserver le permis de conduire","datePublished":"2025-07-01T16:38:33+00:00","dateModified":"2026-02-12T21:06:33+00:00","mainEntityOfPage":{"@id":"https:\/\/anrparis-75.fr\/index.php\/2025\/07\/01\/visite-medicale-obligatoire-pour-conserver-le-permis-de-conduire\/"},"wordCount":78,"publisher":{"@id":"https:\/\/anrparis-75.fr\/#organization"},"image":{"@id":"https:\/\/anrparis-75.fr\/index.php\/2025\/07\/01\/visite-medicale-obligatoire-pour-conserver-le-permis-de-conduire\/#primaryimage"},"thumbnailUrl":"https:\/\/anrparis-75.fr\/wp-content\/uploads\/2025\/07\/voyageur-senior-portant-des-lunettes-de-soleil-rouges-a-cote-de-sa-voiture-2-scaled.jpg","articleSection":["SERVICES PROPOSES"],"inLanguage":"fr-FR"},{"@type":"WebPage","@id":"https:\/\/anrparis-75.fr\/index.php\/2025\/07\/01\/visite-medicale-obligatoire-pour-conserver-le-permis-de-conduire\/","url":"https:\/\/anrparis-75.fr\/index.php\/2025\/07\/01\/visite-medicale-obligatoire-pour-conserver-le-permis-de-conduire\/","name":"Visite m\u00e9dicale obligatoire pour conserver le permis de conduire - Association Nationale de Retrait\u00e9s Groupe Paris","isPartOf":{"@id":"https:\/\/anrparis-75.fr\/#website"},"primaryImageOfPage":{"@id":"https:\/\/anrparis-75.fr\/index.php\/2025\/07\/01\/visite-medicale-obligatoire-pour-conserver-le-permis-de-conduire\/#primaryimage"},"image":{"@id":"https:\/\/anrparis-75.fr\/index.php\/2025\/07\/01\/visite-medicale-obligatoire-pour-conserver-le-permis-de-conduire\/#primaryimage"},"thumbnailUrl":"https:\/\/anrparis-75.fr\/wp-content\/uploads\/2025\/07\/voyageur-senior-portant-des-lunettes-de-soleil-rouges-a-cote-de-sa-voiture-2-scaled.jpg","datePublished":"2025-07-01T16:38:33+00:00","dateModified":"2026-02-12T21:06:33+00:00","breadcrumb":{"@id":"https:\/\/anrparis-75.fr\/index.php\/2025\/07\/01\/visite-medicale-obligatoire-pour-conserver-le-permis-de-conduire\/#breadcrumb"},"inLanguage":"fr-FR","potentialAction":[{"@type":"ReadAction","target":["https:\/\/anrparis-75.fr\/index.php\/2025\/07\/01\/visite-medicale-obligatoire-pour-conserver-le-permis-de-conduire\/"]}]},{"@type":"ImageObject","inLanguage":"fr-FR","@id":"https:\/\/anrparis-75.fr\/index.php\/2025\/07\/01\/visite-medicale-obligatoire-pour-conserver-le-permis-de-conduire\/#primaryimage","url":"https:\/\/anrparis-75.fr\/wp-content\/uploads\/2025\/07\/voyageur-senior-portant-des-lunettes-de-soleil-rouges-a-cote-de-sa-voiture-2-scaled.jpg","contentUrl":"https:\/\/anrparis-75.fr\/wp-content\/uploads\/2025\/07\/voyageur-senior-portant-des-lunettes-de-soleil-rouges-a-cote-de-sa-voiture-2-scaled.jpg","width":2560,"height":1707},{"@type":"BreadcrumbList","@id":"https:\/\/anrparis-75.fr\/index.php\/2025\/07\/01\/visite-medicale-obligatoire-pour-conserver-le-permis-de-conduire\/#breadcrumb","itemListElement":[{"@type":"ListItem","position":1,"name":"Accueil","item":"https:\/\/anrparis-75.fr\/"},{"@type":"ListItem","position":2,"name":"Visite m\u00e9dicale obligatoire pour conserver le permis de conduire"}]},{"@type":"WebSite","@id":"https:\/\/anrparis-75.fr\/#website","url":"https:\/\/anrparis-75.fr\/","name":"Association Nationale de Retrait\u00e9s Groupe Paris","description":"Retraite active","publisher":{"@id":"https:\/\/anrparis-75.fr\/#organization"},"potentialAction":[{"@type":"SearchAction","target":{"@type":"EntryPoint","urlTemplate":"https:\/\/anrparis-75.fr\/?s={search_term_string}"},"query-input":{"@type":"PropertyValueSpecification","valueRequired":true,"valueName":"search_term_string"}}],"inLanguage":"fr-FR"},{"@type":"Organization","@id":"https:\/\/anrparis-75.fr\/#organization","name":"Association Nationale de Retrait\u00e9s Groupe Paris 75","url":"https:\/\/anrparis-75.fr\/","logo":{"@type":"ImageObject","inLanguage":"fr-FR","@id":"https:\/\/anrparis-75.fr\/#\/schema\/logo\/image\/","url":"https:\/\/anrparis-75.fr\/wp-content\/uploads\/2021\/05\/logo-sans-rien.png","contentUrl":"https:\/\/anrparis-75.fr\/wp-content\/uploads\/2021\/05\/logo-sans-rien.png","width":170,"height":156,"caption":"Association Nationale de Retrait\u00e9s Groupe Paris 75"},"image":{"@id":"https:\/\/anrparis-75.fr\/#\/schema\/logo\/image\/"}},{"@type":"Person","@id":"https:\/\/anrparis-75.fr\/#\/schema\/person\/3653a6cbecdd50aee54d1e9adb9bb730","name":"ANR Paris","image":{"@type":"ImageObject","inLanguage":"fr-FR","@id":"https:\/\/secure.gravatar.com\/avatar\/31ae3bb1c19e56639ed45ea91c79d6bb5c59aae941274f6cbfd43495f06feed6?s=96&d=mm&r=g","url":"https:\/\/secure.gravatar.com\/avatar\/31ae3bb1c19e56639ed45ea91c79d6bb5c59aae941274f6cbfd43495f06feed6?s=96&d=mm&r=g","contentUrl":"https:\/\/secure.gravatar.com\/avatar\/31ae3bb1c19e56639ed45ea91c79d6bb5c59aae941274f6cbfd43495f06feed6?s=96&d=mm&r=g","caption":"ANR Paris"},"sameAs":["https:\/\/anrparis-75.fr"],"url":"https:\/\/anrparis-75.fr\/index.php\/author\/francoiseadm\/"}]}},"_links":{"self":[{"href":"https:\/\/anrparis-75.fr\/index.php\/wp-json\/wp\/v2\/posts\/3280","targetHints":{"allow":["GET"]}}],"collection":[{"href":"https:\/\/anrparis-75.fr\/index.php\/wp-json\/wp\/v2\/posts"}],"about":[{"href":"https:\/\/anrparis-75.fr\/index.php\/wp-json\/wp\/v2\/types\/post"}],"author":[{"embeddable":true,"href":"https:\/\/anrparis-75.fr\/index.php\/wp-json\/wp\/v2\/users\/5"}],"replies":[{"embeddable":true,"href":"https:\/\/anrparis-75.fr\/index.php\/wp-json\/wp\/v2\/comments?post=3280"}],"version-history":[{"count":4,"href":"https:\/\/anrparis-75.fr\/index.php\/wp-json\/wp\/v2\/posts\/3280\/revisions"}],"predecessor-version":[{"id":3790,"href":"https:\/\/anrparis-75.fr\/index.php\/wp-json\/wp\/v2\/posts\/3280\/revisions\/3790"}],"wp:featuredmedia":[{"embeddable":true,"href":"https:\/\/anrparis-75.fr\/index.php\/wp-json\/wp\/v2\/media\/3279"}],"wp:attachment":[{"href":"https:\/\/anrparis-75.fr\/index.php\/wp-json\/wp\/v2\/media?parent=3280"}],"wp:term":[{"taxonomy":"category","embeddable":true,"href":"https:\/\/anrparis-75.fr\/index.php\/wp-json\/wp\/v2\/categories?post=3280"},{"taxonomy":"post_tag","embeddable":true,"href":"https:\/\/anrparis-75.fr\/index.php\/wp-json\/wp\/v2\/tags?post=3280"}],"curies":[{"name":"wp","href":"https:\/\/api.w.org\/{rel}","templated":true}]}}