{"id":3261,"date":"2025-06-25T16:30:49","date_gmt":"2025-06-25T14:30:49","guid":{"rendered":"https:\/\/anrparis-75.fr\/?p=3261"},"modified":"2026-02-10T17:56:56","modified_gmt":"2026-02-10T16:56:56","slug":"newsletter-anr-paris-le-forum-objectif-retraite","status":"publish","type":"post","link":"https:\/\/anrparis-75.fr\/index.php\/2025\/06\/25\/newsletter-anr-paris-le-forum-objectif-retraite\/","title":{"rendered":"Newsletter ANR Paris &#8211; Le Forum Objectif Retraite"},"content":{"rendered":"\n<p><strong>Participation des ANR d&rsquo;\u00cele-de-France au Forum Objectif Retraite &#8211; Juin 2025<\/strong><\/p>\n\n\n\n<p>Les ANR de Paris, Seine-et-Marne, Essonne, Hauts-de-Seine, Seine-Saint-Denis, Val-de-Marne, Yvelines, ainsi que l\u2019Amicale Vie, ont eu le plaisir de participer au&nbsp;<strong>Forum Objectif Retraite<\/strong>, organis\u00e9 par le&nbsp;<strong>Centre Interd\u00e9partemental de Gestion de la Petite Couronne (CIG-PC)<\/strong>. L&rsquo;\u00e9v\u00e9nement s&rsquo;est tenu du&nbsp;<strong>18 au 20 juin 2025<\/strong>.<\/p>\n\n\n\n<p>Pour voir l&rsquo;int\u00e9gralit\u00e9 du pdf <a href=\"https:\/\/anrparis-75.fr\/wp-content\/uploads\/2025\/06\/Newsletter-ANR-Paris-Forum-CIG-Juin-2025.pdf\" target=\"_blank\" rel=\"noreferrer noopener\">CLIQUEZ ICI<\/a><\/p>\n","protected":false},"excerpt":{"rendered":"<p>Participation des ANR d&rsquo;\u00cele-de-France au Forum Objectif Retraite &#8211; Juin 2025 Les ANR de Paris, Seine-et-Marne, Essonne, Hauts-de-Seine, Seine-Saint-Denis, Val-de-Marne, Yvelines, ainsi que l\u2019Amicale Vie, ont eu le plaisir de participer au&nbsp;Forum Objectif Retraite, organis\u00e9 par le&nbsp;Centre Interd\u00e9partemental de Gestion de la Petite Couronne (CIG-PC). L&rsquo;\u00e9v\u00e9nement s&rsquo;est tenu du&nbsp;18 au [&hellip;]<\/p>\n","protected":false},"author":5,"featured_media":3273,"comment_status":"closed","ping_status":"closed","sticky":false,"template":"","format":"standard","meta":{"footnotes":""},"categories":[4],"tags":[],"class_list":["post-3261","post","type-post","status-publish","format-standard","has-post-thumbnail","hentry","category-infos-anr"],"yoast_head":"<!-- This site is optimized with the Yoast SEO plugin v27.4 - https:\/\/yoast.com\/product\/yoast-seo-wordpress\/ -->\n<title>Newsletter ANR Paris - Le Forum Objectif Retraite - Association Nationale de Retrait\u00e9s Groupe Paris<\/title>\n<meta name=\"robots\" content=\"index, follow, max-snippet:-1, max-image-preview:large, max-video-preview:-1\" \/>\n<link rel=\"canonical\" href=\"https:\/\/anrparis-75.fr\/index.php\/2025\/06\/25\/newsletter-anr-paris-le-forum-objectif-retraite\/\" \/>\n<meta property=\"og:locale\" content=\"fr_FR\" \/>\n<meta property=\"og:type\" content=\"article\" \/>\n<meta property=\"og:title\" content=\"Newsletter ANR Paris - Le Forum Objectif Retraite - Association Nationale de Retrait\u00e9s Groupe Paris\" \/>\n<meta property=\"og:description\" content=\"Participation des ANR d&rsquo;\u00cele-de-France au Forum Objectif Retraite &#8211; Juin 2025 Les ANR de Paris, Seine-et-Marne, Essonne, Hauts-de-Seine, Seine-Saint-Denis, Val-de-Marne, Yvelines, ainsi que l\u2019Amicale Vie, ont eu le plaisir de participer au&nbsp;Forum Objectif Retraite, organis\u00e9 par le&nbsp;Centre Interd\u00e9partemental de Gestion de la Petite Couronne (CIG-PC). L&rsquo;\u00e9v\u00e9nement s&rsquo;est tenu du&nbsp;18 au [&hellip;]\" \/>\n<meta property=\"og:url\" content=\"https:\/\/anrparis-75.fr\/index.php\/2025\/06\/25\/newsletter-anr-paris-le-forum-objectif-retraite\/\" \/>\n<meta property=\"og:site_name\" content=\"Association Nationale de Retrait\u00e9s Groupe Paris\" \/>\n<meta property=\"article:published_time\" content=\"2025-06-25T14:30:49+00:00\" \/>\n<meta property=\"article:modified_time\" content=\"2026-02-10T16:56:56+00:00\" \/>\n<meta property=\"og:image\" content=\"https:\/\/anrparis-75.fr\/wp-content\/uploads\/2025\/07\/Objectif-Retraite-CIG-3-1.png\" \/>\n\t<meta property=\"og:image:width\" content=\"615\" \/>\n\t<meta property=\"og:image:height\" content=\"513\" \/>\n\t<meta property=\"og:image:type\" content=\"image\/png\" \/>\n<meta name=\"author\" content=\"ANR Paris\" \/>\n<meta name=\"twitter:card\" content=\"summary_large_image\" \/>\n<meta name=\"twitter:label1\" content=\"\u00c9crit par\" \/>\n\t<meta name=\"twitter:data1\" content=\"ANR Paris\" \/>\n<script type=\"application\/ld+json\" class=\"yoast-schema-graph\">{\"@context\":\"https:\\\/\\\/schema.org\",\"@graph\":[{\"@type\":\"Article\",\"@id\":\"https:\\\/\\\/anrparis-75.fr\\\/index.php\\\/2025\\\/06\\\/25\\\/newsletter-anr-paris-le-forum-objectif-retraite\\\/#article\",\"isPartOf\":{\"@id\":\"https:\\\/\\\/anrparis-75.fr\\\/index.php\\\/2025\\\/06\\\/25\\\/newsletter-anr-paris-le-forum-objectif-retraite\\\/\"},\"author\":{\"name\":\"ANR Paris\",\"@id\":\"https:\\\/\\\/anrparis-75.fr\\\/#\\\/schema\\\/person\\\/3653a6cbecdd50aee54d1e9adb9bb730\"},\"headline\":\"Newsletter ANR Paris &#8211; Le Forum Objectif Retraite\",\"datePublished\":\"2025-06-25T14:30:49+00:00\",\"dateModified\":\"2026-02-10T16:56:56+00:00\",\"mainEntityOfPage\":{\"@id\":\"https:\\\/\\\/anrparis-75.fr\\\/index.php\\\/2025\\\/06\\\/25\\\/newsletter-anr-paris-le-forum-objectif-retraite\\\/\"},\"wordCount\":78,\"publisher\":{\"@id\":\"https:\\\/\\\/anrparis-75.fr\\\/#organization\"},\"image\":{\"@id\":\"https:\\\/\\\/anrparis-75.fr\\\/index.php\\\/2025\\\/06\\\/25\\\/newsletter-anr-paris-le-forum-objectif-retraite\\\/#primaryimage\"},\"thumbnailUrl\":\"https:\\\/\\\/anrparis-75.fr\\\/wp-content\\\/uploads\\\/2025\\\/07\\\/Objectif-Retraite-CIG-3-1.png\",\"articleSection\":[\"SERVICES PROPOSES\"],\"inLanguage\":\"fr-FR\"},{\"@type\":\"WebPage\",\"@id\":\"https:\\\/\\\/anrparis-75.fr\\\/index.php\\\/2025\\\/06\\\/25\\\/newsletter-anr-paris-le-forum-objectif-retraite\\\/\",\"url\":\"https:\\\/\\\/anrparis-75.fr\\\/index.php\\\/2025\\\/06\\\/25\\\/newsletter-anr-paris-le-forum-objectif-retraite\\\/\",\"name\":\"Newsletter ANR Paris - Le Forum Objectif Retraite - Association Nationale de Retrait\u00e9s Groupe Paris\",\"isPartOf\":{\"@id\":\"https:\\\/\\\/anrparis-75.fr\\\/#website\"},\"primaryImageOfPage\":{\"@id\":\"https:\\\/\\\/anrparis-75.fr\\\/index.php\\\/2025\\\/06\\\/25\\\/newsletter-anr-paris-le-forum-objectif-retraite\\\/#primaryimage\"},\"image\":{\"@id\":\"https:\\\/\\\/anrparis-75.fr\\\/index.php\\\/2025\\\/06\\\/25\\\/newsletter-anr-paris-le-forum-objectif-retraite\\\/#primaryimage\"},\"thumbnailUrl\":\"https:\\\/\\\/anrparis-75.fr\\\/wp-content\\\/uploads\\\/2025\\\/07\\\/Objectif-Retraite-CIG-3-1.png\",\"datePublished\":\"2025-06-25T14:30:49+00:00\",\"dateModified\":\"2026-02-10T16:56:56+00:00\",\"breadcrumb\":{\"@id\":\"https:\\\/\\\/anrparis-75.fr\\\/index.php\\\/2025\\\/06\\\/25\\\/newsletter-anr-paris-le-forum-objectif-retraite\\\/#breadcrumb\"},\"inLanguage\":\"fr-FR\",\"potentialAction\":[{\"@type\":\"ReadAction\",\"target\":[\"https:\\\/\\\/anrparis-75.fr\\\/index.php\\\/2025\\\/06\\\/25\\\/newsletter-anr-paris-le-forum-objectif-retraite\\\/\"]}]},{\"@type\":\"ImageObject\",\"inLanguage\":\"fr-FR\",\"@id\":\"https:\\\/\\\/anrparis-75.fr\\\/index.php\\\/2025\\\/06\\\/25\\\/newsletter-anr-paris-le-forum-objectif-retraite\\\/#primaryimage\",\"url\":\"https:\\\/\\\/anrparis-75.fr\\\/wp-content\\\/uploads\\\/2025\\\/07\\\/Objectif-Retraite-CIG-3-1.png\",\"contentUrl\":\"https:\\\/\\\/anrparis-75.fr\\\/wp-content\\\/uploads\\\/2025\\\/07\\\/Objectif-Retraite-CIG-3-1.png\",\"width\":615,\"height\":513},{\"@type\":\"BreadcrumbList\",\"@id\":\"https:\\\/\\\/anrparis-75.fr\\\/index.php\\\/2025\\\/06\\\/25\\\/newsletter-anr-paris-le-forum-objectif-retraite\\\/#breadcrumb\",\"itemListElement\":[{\"@type\":\"ListItem\",\"position\":1,\"name\":\"Accueil\",\"item\":\"https:\\\/\\\/anrparis-75.fr\\\/\"},{\"@type\":\"ListItem\",\"position\":2,\"name\":\"Newsletter ANR Paris &#8211; Le Forum Objectif Retraite\"}]},{\"@type\":\"WebSite\",\"@id\":\"https:\\\/\\\/anrparis-75.fr\\\/#website\",\"url\":\"https:\\\/\\\/anrparis-75.fr\\\/\",\"name\":\"Association Nationale de Retrait\u00e9s Groupe Paris\",\"description\":\"Retraite active\",\"publisher\":{\"@id\":\"https:\\\/\\\/anrparis-75.fr\\\/#organization\"},\"potentialAction\":[{\"@type\":\"SearchAction\",\"target\":{\"@type\":\"EntryPoint\",\"urlTemplate\":\"https:\\\/\\\/anrparis-75.fr\\\/?s={search_term_string}\"},\"query-input\":{\"@type\":\"PropertyValueSpecification\",\"valueRequired\":true,\"valueName\":\"search_term_string\"}}],\"inLanguage\":\"fr-FR\"},{\"@type\":\"Organization\",\"@id\":\"https:\\\/\\\/anrparis-75.fr\\\/#organization\",\"name\":\"Association Nationale de Retrait\u00e9s Groupe Paris 75\",\"url\":\"https:\\\/\\\/anrparis-75.fr\\\/\",\"logo\":{\"@type\":\"ImageObject\",\"inLanguage\":\"fr-FR\",\"@id\":\"https:\\\/\\\/anrparis-75.fr\\\/#\\\/schema\\\/logo\\\/image\\\/\",\"url\":\"https:\\\/\\\/anrparis-75.fr\\\/wp-content\\\/uploads\\\/2021\\\/05\\\/logo-sans-rien.png\",\"contentUrl\":\"https:\\\/\\\/anrparis-75.fr\\\/wp-content\\\/uploads\\\/2021\\\/05\\\/logo-sans-rien.png\",\"width\":170,\"height\":156,\"caption\":\"Association Nationale de Retrait\u00e9s Groupe Paris 75\"},\"image\":{\"@id\":\"https:\\\/\\\/anrparis-75.fr\\\/#\\\/schema\\\/logo\\\/image\\\/\"}},{\"@type\":\"Person\",\"@id\":\"https:\\\/\\\/anrparis-75.fr\\\/#\\\/schema\\\/person\\\/3653a6cbecdd50aee54d1e9adb9bb730\",\"name\":\"ANR Paris\",\"image\":{\"@type\":\"ImageObject\",\"inLanguage\":\"fr-FR\",\"@id\":\"https:\\\/\\\/secure.gravatar.com\\\/avatar\\\/31ae3bb1c19e56639ed45ea91c79d6bb5c59aae941274f6cbfd43495f06feed6?s=96&d=mm&r=g\",\"url\":\"https:\\\/\\\/secure.gravatar.com\\\/avatar\\\/31ae3bb1c19e56639ed45ea91c79d6bb5c59aae941274f6cbfd43495f06feed6?s=96&d=mm&r=g\",\"contentUrl\":\"https:\\\/\\\/secure.gravatar.com\\\/avatar\\\/31ae3bb1c19e56639ed45ea91c79d6bb5c59aae941274f6cbfd43495f06feed6?s=96&d=mm&r=g\",\"caption\":\"ANR Paris\"},\"sameAs\":[\"https:\\\/\\\/anrparis-75.fr\"],\"url\":\"https:\\\/\\\/anrparis-75.fr\\\/index.php\\\/author\\\/francoiseadm\\\/\"}]}<\/script>\n<!-- \/ Yoast SEO plugin. -->","yoast_head_json":{"title":"Newsletter ANR Paris - Le Forum Objectif Retraite - Association Nationale de Retrait\u00e9s Groupe Paris","robots":{"index":"index","follow":"follow","max-snippet":"max-snippet:-1","max-image-preview":"max-image-preview:large","max-video-preview":"max-video-preview:-1"},"canonical":"https:\/\/anrparis-75.fr\/index.php\/2025\/06\/25\/newsletter-anr-paris-le-forum-objectif-retraite\/","og_locale":"fr_FR","og_type":"article","og_title":"Newsletter ANR Paris - Le Forum Objectif Retraite - Association Nationale de Retrait\u00e9s Groupe Paris","og_description":"Participation des ANR d&rsquo;\u00cele-de-France au Forum Objectif Retraite &#8211; Juin 2025 Les ANR de Paris, Seine-et-Marne, Essonne, Hauts-de-Seine, Seine-Saint-Denis, Val-de-Marne, Yvelines, ainsi que l\u2019Amicale Vie, ont eu le plaisir de participer au&nbsp;Forum Objectif Retraite, organis\u00e9 par le&nbsp;Centre Interd\u00e9partemental de Gestion de la Petite Couronne (CIG-PC). L&rsquo;\u00e9v\u00e9nement s&rsquo;est tenu du&nbsp;18 au [&hellip;]","og_url":"https:\/\/anrparis-75.fr\/index.php\/2025\/06\/25\/newsletter-anr-paris-le-forum-objectif-retraite\/","og_site_name":"Association Nationale de Retrait\u00e9s Groupe Paris","article_published_time":"2025-06-25T14:30:49+00:00","article_modified_time":"2026-02-10T16:56:56+00:00","og_image":[{"width":615,"height":513,"url":"https:\/\/anrparis-75.fr\/wp-content\/uploads\/2025\/07\/Objectif-Retraite-CIG-3-1.png","type":"image\/png"}],"author":"ANR Paris","twitter_card":"summary_large_image","twitter_misc":{"\u00c9crit par":"ANR Paris"},"schema":{"@context":"https:\/\/schema.org","@graph":[{"@type":"Article","@id":"https:\/\/anrparis-75.fr\/index.php\/2025\/06\/25\/newsletter-anr-paris-le-forum-objectif-retraite\/#article","isPartOf":{"@id":"https:\/\/anrparis-75.fr\/index.php\/2025\/06\/25\/newsletter-anr-paris-le-forum-objectif-retraite\/"},"author":{"name":"ANR Paris","@id":"https:\/\/anrparis-75.fr\/#\/schema\/person\/3653a6cbecdd50aee54d1e9adb9bb730"},"headline":"Newsletter ANR Paris &#8211; Le Forum Objectif Retraite","datePublished":"2025-06-25T14:30:49+00:00","dateModified":"2026-02-10T16:56:56+00:00","mainEntityOfPage":{"@id":"https:\/\/anrparis-75.fr\/index.php\/2025\/06\/25\/newsletter-anr-paris-le-forum-objectif-retraite\/"},"wordCount":78,"publisher":{"@id":"https:\/\/anrparis-75.fr\/#organization"},"image":{"@id":"https:\/\/anrparis-75.fr\/index.php\/2025\/06\/25\/newsletter-anr-paris-le-forum-objectif-retraite\/#primaryimage"},"thumbnailUrl":"https:\/\/anrparis-75.fr\/wp-content\/uploads\/2025\/07\/Objectif-Retraite-CIG-3-1.png","articleSection":["SERVICES PROPOSES"],"inLanguage":"fr-FR"},{"@type":"WebPage","@id":"https:\/\/anrparis-75.fr\/index.php\/2025\/06\/25\/newsletter-anr-paris-le-forum-objectif-retraite\/","url":"https:\/\/anrparis-75.fr\/index.php\/2025\/06\/25\/newsletter-anr-paris-le-forum-objectif-retraite\/","name":"Newsletter ANR Paris - Le Forum Objectif Retraite - Association Nationale de Retrait\u00e9s Groupe Paris","isPartOf":{"@id":"https:\/\/anrparis-75.fr\/#website"},"primaryImageOfPage":{"@id":"https:\/\/anrparis-75.fr\/index.php\/2025\/06\/25\/newsletter-anr-paris-le-forum-objectif-retraite\/#primaryimage"},"image":{"@id":"https:\/\/anrparis-75.fr\/index.php\/2025\/06\/25\/newsletter-anr-paris-le-forum-objectif-retraite\/#primaryimage"},"thumbnailUrl":"https:\/\/anrparis-75.fr\/wp-content\/uploads\/2025\/07\/Objectif-Retraite-CIG-3-1.png","datePublished":"2025-06-25T14:30:49+00:00","dateModified":"2026-02-10T16:56:56+00:00","breadcrumb":{"@id":"https:\/\/anrparis-75.fr\/index.php\/2025\/06\/25\/newsletter-anr-paris-le-forum-objectif-retraite\/#breadcrumb"},"inLanguage":"fr-FR","potentialAction":[{"@type":"ReadAction","target":["https:\/\/anrparis-75.fr\/index.php\/2025\/06\/25\/newsletter-anr-paris-le-forum-objectif-retraite\/"]}]},{"@type":"ImageObject","inLanguage":"fr-FR","@id":"https:\/\/anrparis-75.fr\/index.php\/2025\/06\/25\/newsletter-anr-paris-le-forum-objectif-retraite\/#primaryimage","url":"https:\/\/anrparis-75.fr\/wp-content\/uploads\/2025\/07\/Objectif-Retraite-CIG-3-1.png","contentUrl":"https:\/\/anrparis-75.fr\/wp-content\/uploads\/2025\/07\/Objectif-Retraite-CIG-3-1.png","width":615,"height":513},{"@type":"BreadcrumbList","@id":"https:\/\/anrparis-75.fr\/index.php\/2025\/06\/25\/newsletter-anr-paris-le-forum-objectif-retraite\/#breadcrumb","itemListElement":[{"@type":"ListItem","position":1,"name":"Accueil","item":"https:\/\/anrparis-75.fr\/"},{"@type":"ListItem","position":2,"name":"Newsletter ANR Paris &#8211; Le Forum Objectif Retraite"}]},{"@type":"WebSite","@id":"https:\/\/anrparis-75.fr\/#website","url":"https:\/\/anrparis-75.fr\/","name":"Association Nationale de Retrait\u00e9s Groupe Paris","description":"Retraite active","publisher":{"@id":"https:\/\/anrparis-75.fr\/#organization"},"potentialAction":[{"@type":"SearchAction","target":{"@type":"EntryPoint","urlTemplate":"https:\/\/anrparis-75.fr\/?s={search_term_string}"},"query-input":{"@type":"PropertyValueSpecification","valueRequired":true,"valueName":"search_term_string"}}],"inLanguage":"fr-FR"},{"@type":"Organization","@id":"https:\/\/anrparis-75.fr\/#organization","name":"Association Nationale de Retrait\u00e9s Groupe Paris 75","url":"https:\/\/anrparis-75.fr\/","logo":{"@type":"ImageObject","inLanguage":"fr-FR","@id":"https:\/\/anrparis-75.fr\/#\/schema\/logo\/image\/","url":"https:\/\/anrparis-75.fr\/wp-content\/uploads\/2021\/05\/logo-sans-rien.png","contentUrl":"https:\/\/anrparis-75.fr\/wp-content\/uploads\/2021\/05\/logo-sans-rien.png","width":170,"height":156,"caption":"Association Nationale de Retrait\u00e9s Groupe Paris 75"},"image":{"@id":"https:\/\/anrparis-75.fr\/#\/schema\/logo\/image\/"}},{"@type":"Person","@id":"https:\/\/anrparis-75.fr\/#\/schema\/person\/3653a6cbecdd50aee54d1e9adb9bb730","name":"ANR Paris","image":{"@type":"ImageObject","inLanguage":"fr-FR","@id":"https:\/\/secure.gravatar.com\/avatar\/31ae3bb1c19e56639ed45ea91c79d6bb5c59aae941274f6cbfd43495f06feed6?s=96&d=mm&r=g","url":"https:\/\/secure.gravatar.com\/avatar\/31ae3bb1c19e56639ed45ea91c79d6bb5c59aae941274f6cbfd43495f06feed6?s=96&d=mm&r=g","contentUrl":"https:\/\/secure.gravatar.com\/avatar\/31ae3bb1c19e56639ed45ea91c79d6bb5c59aae941274f6cbfd43495f06feed6?s=96&d=mm&r=g","caption":"ANR Paris"},"sameAs":["https:\/\/anrparis-75.fr"],"url":"https:\/\/anrparis-75.fr\/index.php\/author\/francoiseadm\/"}]}},"_links":{"self":[{"href":"https:\/\/anrparis-75.fr\/index.php\/wp-json\/wp\/v2\/posts\/3261","targetHints":{"allow":["GET"]}}],"collection":[{"href":"https:\/\/anrparis-75.fr\/index.php\/wp-json\/wp\/v2\/posts"}],"about":[{"href":"https:\/\/anrparis-75.fr\/index.php\/wp-json\/wp\/v2\/types\/post"}],"author":[{"embeddable":true,"href":"https:\/\/anrparis-75.fr\/index.php\/wp-json\/wp\/v2\/users\/5"}],"replies":[{"embeddable":true,"href":"https:\/\/anrparis-75.fr\/index.php\/wp-json\/wp\/v2\/comments?post=3261"}],"version-history":[{"count":4,"href":"https:\/\/anrparis-75.fr\/index.php\/wp-json\/wp\/v2\/posts\/3261\/revisions"}],"predecessor-version":[{"id":3268,"href":"https:\/\/anrparis-75.fr\/index.php\/wp-json\/wp\/v2\/posts\/3261\/revisions\/3268"}],"wp:featuredmedia":[{"embeddable":true,"href":"https:\/\/anrparis-75.fr\/index.php\/wp-json\/wp\/v2\/media\/3273"}],"wp:attachment":[{"href":"https:\/\/anrparis-75.fr\/index.php\/wp-json\/wp\/v2\/media?parent=3261"}],"wp:term":[{"taxonomy":"category","embeddable":true,"href":"https:\/\/anrparis-75.fr\/index.php\/wp-json\/wp\/v2\/categories?post=3261"},{"taxonomy":"post_tag","embeddable":true,"href":"https:\/\/anrparis-75.fr\/index.php\/wp-json\/wp\/v2\/tags?post=3261"}],"curies":[{"name":"wp","href":"https:\/\/api.w.org\/{rel}","templated":true}]}}